{"id":1263,"date":"2019-04-09T04:35:01","date_gmt":"2019-04-09T02:35:01","guid":{"rendered":"http:\/\/lesretrosduplateau.fr\/?p=1263"},"modified":"2019-04-09T04:52:50","modified_gmt":"2019-04-09T02:52:50","slug":"le-rassemblement-du-7-avril-2019","status":"publish","type":"post","link":"https:\/\/www.sea-web.fr\/demo\/le-rassemblement-du-7-avril-2019\/","title":{"rendered":"Le rassemblement du 7 avril 2019"},"content":{"rendered":"<div id=\"u_0_m\" class=\"_li\">\n<div id=\"globalContainer\" class=\"uiContextualLayerParent\">\n<div id=\"content\" class=\"fb_content clearfix \" role=\"\">\n<div>\n<div>\n<div class=\"clearfix\">\n<div class=\"_1qkq _1ql0\">\n<div id=\"content_container\">\n<div>\n<div class=\"clearfix\">\n<div id=\"js_j\" class=\"_2pie _14i5 _1qkq _1qkx\" role=\"main\">\n<div id=\"pagelet_timeline_main_column\">\n<div id=\"id_5cac06a8071be3640278624\" data-referrer=\"id_5cac06a8071be3640278624\">\n<div>\n<div id=\"u_0_33\">\n<div class=\"_1xnd\">\n<div class=\"_1xnd\">\n<div class=\"_1xnd\">\n<div class=\"_4-u2 _3xaf _3-95 _4-u8\">\n<div class=\"_5va1 _427x\">\n<div id=\"u_i_0\" class=\"_4-u2 mbm _4mrt _5jmm _5pat _5v3q _7cqq _4-u8\" role=\"article\" aria-describedby=\"js_13 js_14\" aria-labelledby=\"js_12\" data-ftr=\"1\" data-fte=\"1\" data-insertion-position=\"0\">\n<div id=\"u_i_9\" class=\"_3ccb\" data-gt=\"{&quot;type&quot;:&quot;click2canvas&quot;,&quot;fbsource&quot;:703,&quot;ref&quot;:&quot;nf_generic&quot;}\" data-ft=\"{&quot;tn&quot;:&quot;-R&quot;}\">\n<div class=\"_5pcr userContentWrapper\" data-ft=\"{&quot;tn&quot;:&quot;-R&quot;}\">\n<div class=\"_1dwg _1w_m _q7o\">\n<div>\n<div id=\"js_14\" class=\"_5pbx userContent _3576\" data-ft=\"{&quot;tn&quot;:&quot;K&quot;}\">\n<p>Pour ce premier dimanche d&rsquo;avril ,rendez-vous mensuel des anciennes organis\u00e9 par \u00ab\u00a0les r\u00e9tros du plateau\u00a0\u00bb. 90 v\u00e9hicules pr\u00e9sents sur cette matin\u00e9e exceptionnellement rassembl\u00e9s rue de Brionne au Neubourg. Une r\u00e9p\u00e9tition g\u00e9n\u00e9rale avant notre 11eme grand rassemblement le 14 Avril prochain<\/p>\n<\/div>\n<\/div>\n<\/div>\n<\/div>\n<\/div>\n<\/div>\n<\/div>\n<\/div>\n<\/div>\n<\/div>\n<\/div>\n<\/div>\n<\/div>\n<\/div>\n<\/div>\n<\/div>\n<\/div>\n<\/div>\n<\/div>\n<\/div>\n<\/div>\n<\/div>\n<\/div>\n<\/div>\n<\/div>\n<\/div>\n<p><a href=\"https:\/\/www.youtube.com\/watch?v=qGYS6AZtmVA\"><img loading=\"lazy\" decoding=\"async\" class=\"alignleft size-medium wp-image-1319\" src=\"http:\/\/lesretrosduplateau.fr\/wp-content\/uploads\/2019\/04\/IMG_2657xxx-300x200.jpg\" alt=\"\" width=\"300\" height=\"200\" srcset=\"https:\/\/www.sea-web.fr\/demo\/wp-content\/uploads\/2019\/04\/IMG_2657xxx-300x200.jpg 300w, https:\/\/www.sea-web.fr\/demo\/wp-content\/uploads\/2019\/04\/IMG_2657xxx-768x512.jpg 768w, https:\/\/www.sea-web.fr\/demo\/wp-content\/uploads\/2019\/04\/IMG_2657xxx.jpg 1024w\" sizes=\"(max-width: 300px) 100vw, 300px\" \/><\/a><\/p>\n<p>&nbsp;<\/p>\n","protected":false},"excerpt":{"rendered":"<p>Pour ce premier dimanche d&rsquo;avril ,rendez-vous mensuel des anciennes organis\u00e9 par \u00ab\u00a0les r\u00e9tros du plateau\u00a0\u00bb. 90 v\u00e9hicules pr\u00e9sents sur cette matin\u00e9e exceptionnellement rassembl\u00e9s rue de Brionne au Neubourg. Une r\u00e9p\u00e9tition g\u00e9n\u00e9rale avant notre 11eme grand rassemblement le 14 Avril prochain &nbsp;<\/p>\n","protected":false},"author":4,"featured_media":5246,"comment_status":"closed","ping_status":"open","sticky":false,"template":"","format":"standard","meta":{"saved_in_kubio":false,"ngg_post_thumbnail":0,"footnotes":""},"categories":[55],"tags":[96,74,49],"class_list":["post-1263","post","type-post","status-publish","format-standard","has-post-thumbnail","hentry","category-les-rassemblements-mensuels","tag-7-avril","tag-avril","tag-rassemblement"],"_links":{"self":[{"href":"https:\/\/www.sea-web.fr\/demo\/wp-json\/wp\/v2\/posts\/1263","targetHints":{"allow":["GET"]}}],"collection":[{"href":"https:\/\/www.sea-web.fr\/demo\/wp-json\/wp\/v2\/posts"}],"about":[{"href":"https:\/\/www.sea-web.fr\/demo\/wp-json\/wp\/v2\/types\/post"}],"author":[{"embeddable":true,"href":"https:\/\/www.sea-web.fr\/demo\/wp-json\/wp\/v2\/users\/4"}],"replies":[{"embeddable":true,"href":"https:\/\/www.sea-web.fr\/demo\/wp-json\/wp\/v2\/comments?post=1263"}],"version-history":[{"count":7,"href":"https:\/\/www.sea-web.fr\/demo\/wp-json\/wp\/v2\/posts\/1263\/revisions"}],"predecessor-version":[{"id":1326,"href":"https:\/\/www.sea-web.fr\/demo\/wp-json\/wp\/v2\/posts\/1263\/revisions\/1326"}],"wp:featuredmedia":[{"embeddable":true,"href":"https:\/\/www.sea-web.fr\/demo\/wp-json\/wp\/v2\/media\/5246"}],"wp:attachment":[{"href":"https:\/\/www.sea-web.fr\/demo\/wp-json\/wp\/v2\/media?parent=1263"}],"wp:term":[{"taxonomy":"category","embeddable":true,"href":"https:\/\/www.sea-web.fr\/demo\/wp-json\/wp\/v2\/categories?post=1263"},{"taxonomy":"post_tag","embeddable":true,"href":"https:\/\/www.sea-web.fr\/demo\/wp-json\/wp\/v2\/tags?post=1263"}],"curies":[{"name":"wp","href":"https:\/\/api.w.org\/{rel}","templated":true}]}}