{"id":143,"date":"2018-03-25T07:28:16","date_gmt":"2018-03-25T05:28:16","guid":{"rendered":"http:\/\/lesretrosduplateau.fr\/?p=143"},"modified":"2018-05-01T22:08:11","modified_gmt":"2018-05-01T20:08:11","slug":"les-rallyes-des-retros","status":"publish","type":"post","link":"https:\/\/www.sea-web.fr\/demo\/les-rallyes-des-retros\/","title":{"rendered":"Les Rallyes des R\u00e9tros"},"content":{"rendered":"<p>L\u2019id\u00e9e des rallyes est venue \u00e0 la suite de l\u2019invitation de Sylvain DEVAUX \u00e0 une visite du ch\u00e2teau d\u2019Omonville, suivie d\u2019un buffet et r\u00e9serv\u00e9e aux adh\u00e9rents du Club. Pourquoi ne pas y associer une sortie de nos anciennes (qui ont bien besoin de temps en temps de d\u00e9rouiller leurs bielles\u00a0!) \u00e0 cette d\u00e9couverte d\u2019un fleuron du patrimoine local\u00a0?<\/p>\n<p>Ce qui fut fait le 2 octobre 2016 avec un rallye touristique vers le Roumois, la vall\u00e9e de la Risle, les boucles de la Seine et, bien s\u00fbr, une arriv\u00e9e au ch\u00e2teau du Tremblay-Omonville.<\/p>\n<p>Cette id\u00e9e d\u2019associer le plaisir de rouler avec nos \u00ab\u00a0ch\u00e8res\u00a0\u00bb anciennes et la d\u00e9couverte du patrimoine r\u00e9gional \u00e9tait lanc\u00e9e, et manifestement appr\u00e9ci\u00e9e. Ce qui nous a amen\u00e9 \u00e0 r\u00e9cidiver deux fois en 2017.<\/p>\n<p>Le 30 avril 2017, lors de la Journ\u00e9e Nationale des V\u00e9hicules d\u2019Epoque organis\u00e9e par la FFVE, une deuxi\u00e8me \u00e9dition amenait trente autos vers la vall\u00e9e d\u2019Eure, la plaine de Saint-Andr\u00e9, une visite de Gisacum pour se retrouver au Tilleul-Lambert, barycentre de notre d\u00e9partement.<\/p>\n<p>Et, cet automne, le 8 octobre 2017, c\u2019est une ballade dans le Pays d\u2019Ouche, les vall\u00e9es de la Charentonne, de la Calonne et de la Risle, et le Lieuvin, qui nous a r\u00e9unis.<\/p>\n<p>Le 29 avril 2018 ( lors de la Journ\u00e9e Nationale des V\u00e9hicules d\u2019Epoque organis\u00e9e par la FFVE),\u00a0 c&rsquo;est vers la vall\u00e9e de la Risle que nous \u00e9tions invit\u00e9s\u00a0 \u00e0 rouler en nous instruisant avec diverses pauses (St-Christophe-sur-Cond\u00e9, Routot, Le Marais Vernier&#8230;)<\/p>\n<p>Le principe du rythme d\u2019une sortie au printemps et d\u2019une autre \u00e0 l\u2019automne est maintenant acquis et nous nous retrouverons donc le 14 octobre 2018 (date modifi\u00e9e en raison du RDV mensuel).<\/p>\n<p>Ces sorties sont r\u00e9serv\u00e9es aux membres de l\u2019association et nous devons, pour des raisons de logistique (restauration et parking), nous limiter \u00e0 env trente voitures.<\/p>\n<p>Au plaisir de rouler ensemble\u00a0!<\/p>\n<p>Jean Jacques LE NORMAND<\/p>\n<p>Et toute l\u2019\u00e9quipe organisatrice\u00a0:<br \/>\nPatricia LE NORMAND<br \/>\nSylvain DEVAUX<br \/>\nPatrick AUDOIN<\/p>\n<p>Et, bien s\u00fbr, Marie-Claire et Germain BARBEY.<\/p>\n<p><img loading=\"lazy\" decoding=\"async\" class=\"wp-image-285 size-full alignnone\" src=\"http:\/\/lesretrosduplateau.fr\/wp-content\/uploads\/2018\/03\/photo-fin-de-rallye.png\" alt=\"\" width=\"999\" height=\"635\" srcset=\"https:\/\/www.sea-web.fr\/demo\/wp-content\/uploads\/2018\/03\/photo-fin-de-rallye.png 999w, https:\/\/www.sea-web.fr\/demo\/wp-content\/uploads\/2018\/03\/photo-fin-de-rallye-300x191.png 300w, https:\/\/www.sea-web.fr\/demo\/wp-content\/uploads\/2018\/03\/photo-fin-de-rallye-768x488.png 768w\" sizes=\"(max-width: 999px) 100vw, 999px\" \/><\/p>\n","protected":false},"excerpt":{"rendered":"<p>L\u2019id\u00e9e des rallyes est venue \u00e0 la suite de l\u2019invitation de Sylvain DEVAUX \u00e0 une visite du ch\u00e2teau d\u2019Omonville, suivie d\u2019un buffet et r\u00e9serv\u00e9e aux adh\u00e9rents du Club. Pourquoi ne pas y associer une sortie de nos anciennes (qui ont bien besoin de temps en temps de d\u00e9rouiller leurs bielles\u00a0!) \u00e0 cette d\u00e9couverte d\u2019un fleuron [&hellip;]<\/p>\n","protected":false},"author":4,"featured_media":5254,"comment_status":"closed","ping_status":"open","sticky":false,"template":"","format":"standard","meta":{"saved_in_kubio":false,"ngg_post_thumbnail":0,"footnotes":""},"categories":[54],"tags":[25,26,27],"class_list":["post-143","post","type-post","status-publish","format-standard","has-post-thumbnail","hentry","category-les-rallyes","tag-automne","tag-printemps","tag-rallye"],"_links":{"self":[{"href":"https:\/\/www.sea-web.fr\/demo\/wp-json\/wp\/v2\/posts\/143","targetHints":{"allow":["GET"]}}],"collection":[{"href":"https:\/\/www.sea-web.fr\/demo\/wp-json\/wp\/v2\/posts"}],"about":[{"href":"https:\/\/www.sea-web.fr\/demo\/wp-json\/wp\/v2\/types\/post"}],"author":[{"embeddable":true,"href":"https:\/\/www.sea-web.fr\/demo\/wp-json\/wp\/v2\/users\/4"}],"replies":[{"embeddable":true,"href":"https:\/\/www.sea-web.fr\/demo\/wp-json\/wp\/v2\/comments?post=143"}],"version-history":[{"count":7,"href":"https:\/\/www.sea-web.fr\/demo\/wp-json\/wp\/v2\/posts\/143\/revisions"}],"predecessor-version":[{"id":286,"href":"https:\/\/www.sea-web.fr\/demo\/wp-json\/wp\/v2\/posts\/143\/revisions\/286"}],"wp:featuredmedia":[{"embeddable":true,"href":"https:\/\/www.sea-web.fr\/demo\/wp-json\/wp\/v2\/media\/5254"}],"wp:attachment":[{"href":"https:\/\/www.sea-web.fr\/demo\/wp-json\/wp\/v2\/media?parent=143"}],"wp:term":[{"taxonomy":"category","embeddable":true,"href":"https:\/\/www.sea-web.fr\/demo\/wp-json\/wp\/v2\/categories?post=143"},{"taxonomy":"post_tag","embeddable":true,"href":"https:\/\/www.sea-web.fr\/demo\/wp-json\/wp\/v2\/tags?post=143"}],"curies":[{"name":"wp","href":"https:\/\/api.w.org\/{rel}","templated":true}]}}