{"id":224,"date":"2018-03-27T11:25:50","date_gmt":"2018-03-27T09:25:50","guid":{"rendered":"http:\/\/lesretrosduplateau.fr\/?p=224"},"modified":"2018-08-02T17:43:35","modified_gmt":"2018-08-02T15:43:35","slug":"qui-sommes-nous","status":"publish","type":"post","link":"https:\/\/www.sea-web.fr\/demo\/qui-sommes-nous\/","title":{"rendered":"Qui sommes-nous ?"},"content":{"rendered":"<p>L\u2019aventure a commenc\u00e9 il y a 10 ans. Quatre copains, Jean-Pierre Auffray , Christian Basle , Germain Barbey\u00a0 et Michel Cellier ont tent\u00e9 l\u2019aventure d\u2019un grand rassemblement de voitures de collection sous l\u2019\u00e9gide de l\u2019Union des commer\u00e7ants du Neubourg. Le succ\u00e8s a tout de suite \u00e9t\u00e9 au rendez-vous et c\u2019est en 2010 que l\u2019association des R\u00e9tros du Plateau voit le jour. Aujourd\u2019hui les activit\u00e9s se multiplient avec le renfort des quelques 120 membres qui en composent les forces vives. Rallyes, rassemblement mensuel, sorties, parade et le grand rassemblement du mois d\u2019avril occupent \u00e0 plein tous les b\u00e9n\u00e9voles dans un bel esprit et une belle entente.<\/p>\n","protected":false},"excerpt":{"rendered":"<p>L\u2019aventure a commenc\u00e9 il y a 10 ans. Quatre copains, Jean-Pierre Auffray , Christian Basle , Germain Barbey\u00a0 et Michel Cellier ont tent\u00e9 l\u2019aventure d\u2019un grand rassemblement de voitures de collection sous l\u2019\u00e9gide de l\u2019Union des commer\u00e7ants du Neubourg. Le succ\u00e8s a tout de suite \u00e9t\u00e9 au rendez-vous et c\u2019est en 2010 que l\u2019association des [&hellip;]<\/p>\n","protected":false},"author":4,"featured_media":0,"comment_status":"closed","ping_status":"open","sticky":false,"template":"","format":"standard","meta":{"saved_in_kubio":false,"ngg_post_thumbnail":0,"footnotes":""},"categories":[8],"tags":[],"class_list":["post-224","post","type-post","status-publish","format-standard","hentry","category-lassociation"],"_links":{"self":[{"href":"https:\/\/www.sea-web.fr\/demo\/wp-json\/wp\/v2\/posts\/224","targetHints":{"allow":["GET"]}}],"collection":[{"href":"https:\/\/www.sea-web.fr\/demo\/wp-json\/wp\/v2\/posts"}],"about":[{"href":"https:\/\/www.sea-web.fr\/demo\/wp-json\/wp\/v2\/types\/post"}],"author":[{"embeddable":true,"href":"https:\/\/www.sea-web.fr\/demo\/wp-json\/wp\/v2\/users\/4"}],"replies":[{"embeddable":true,"href":"https:\/\/www.sea-web.fr\/demo\/wp-json\/wp\/v2\/comments?post=224"}],"version-history":[{"count":4,"href":"https:\/\/www.sea-web.fr\/demo\/wp-json\/wp\/v2\/posts\/224\/revisions"}],"predecessor-version":[{"id":327,"href":"https:\/\/www.sea-web.fr\/demo\/wp-json\/wp\/v2\/posts\/224\/revisions\/327"}],"wp:attachment":[{"href":"https:\/\/www.sea-web.fr\/demo\/wp-json\/wp\/v2\/media?parent=224"}],"wp:term":[{"taxonomy":"category","embeddable":true,"href":"https:\/\/www.sea-web.fr\/demo\/wp-json\/wp\/v2\/categories?post=224"},{"taxonomy":"post_tag","embeddable":true,"href":"https:\/\/www.sea-web.fr\/demo\/wp-json\/wp\/v2\/tags?post=224"}],"curies":[{"name":"wp","href":"https:\/\/api.w.org\/{rel}","templated":true}]}}