{"id":2444,"date":"2019-06-03T09:09:27","date_gmt":"2019-06-03T07:09:27","guid":{"rendered":"http:\/\/lesretrosduplateau.fr\/?p=2444"},"modified":"2019-06-30T06:17:18","modified_gmt":"2019-06-30T04:17:18","slug":"le-rassemblement-du-2-juin-2019","status":"publish","type":"post","link":"https:\/\/www.sea-web.fr\/demo\/le-rassemblement-du-2-juin-2019\/","title":{"rendered":"Le rassemblement du 2 juin 2019"},"content":{"rendered":"<p>Un soleil digne de la c\u00f4te d\u2019azur, une chaleur&nbsp; estivale \u00e9taient au rendez vous&nbsp;&nbsp; pour accueillir les 75 v\u00e9hicules, 8 motos et&nbsp; un v\u00e9hicule hippomobile,&nbsp; pour&nbsp; ce mensuel du mois de juin sur la place du ch\u00e2teau au Neubourg.<\/p>\n<p>C\u2019est un festival de cabriolets et de coup\u00e9s que nous ont offert les participants de cette matin\u00e9e, toujours empreinte de bonne humeur et de convivialit\u00e9.<\/p>\n<p><iframe loading=\"lazy\" title=\"Rassemblement du 2 Juin\" width=\"500\" height=\"281\" src=\"https:\/\/www.youtube.com\/embed\/_211qcTQhxE?feature=oembed\" frameborder=\"0\" allow=\"accelerometer; autoplay; clipboard-write; encrypted-media; gyroscope; picture-in-picture; web-share\" referrerpolicy=\"strict-origin-when-cross-origin\" allowfullscreen><\/iframe><\/p>\n","protected":false},"excerpt":{"rendered":"<p>Un soleil digne de la c\u00f4te d\u2019azur, une chaleur&nbsp; estivale \u00e9taient au rendez vous&nbsp;&nbsp; pour accueillir les 75 v\u00e9hicules, 8 motos et&nbsp; un v\u00e9hicule hippomobile,&nbsp; pour&nbsp; ce mensuel du mois de juin sur la place du ch\u00e2teau au Neubourg. C\u2019est un festival de cabriolets et de coup\u00e9s que nous ont offert les participants de cette [&hellip;]<\/p>\n","protected":false},"author":4,"featured_media":0,"comment_status":"closed","ping_status":"open","sticky":false,"template":"","format":"standard","meta":{"saved_in_kubio":false,"ngg_post_thumbnail":0,"footnotes":""},"categories":[55],"tags":[],"class_list":["post-2444","post","type-post","status-publish","format-standard","hentry","category-les-rassemblements-mensuels"],"_links":{"self":[{"href":"https:\/\/www.sea-web.fr\/demo\/wp-json\/wp\/v2\/posts\/2444","targetHints":{"allow":["GET"]}}],"collection":[{"href":"https:\/\/www.sea-web.fr\/demo\/wp-json\/wp\/v2\/posts"}],"about":[{"href":"https:\/\/www.sea-web.fr\/demo\/wp-json\/wp\/v2\/types\/post"}],"author":[{"embeddable":true,"href":"https:\/\/www.sea-web.fr\/demo\/wp-json\/wp\/v2\/users\/4"}],"replies":[{"embeddable":true,"href":"https:\/\/www.sea-web.fr\/demo\/wp-json\/wp\/v2\/comments?post=2444"}],"version-history":[{"count":5,"href":"https:\/\/www.sea-web.fr\/demo\/wp-json\/wp\/v2\/posts\/2444\/revisions"}],"predecessor-version":[{"id":2462,"href":"https:\/\/www.sea-web.fr\/demo\/wp-json\/wp\/v2\/posts\/2444\/revisions\/2462"}],"wp:attachment":[{"href":"https:\/\/www.sea-web.fr\/demo\/wp-json\/wp\/v2\/media?parent=2444"}],"wp:term":[{"taxonomy":"category","embeddable":true,"href":"https:\/\/www.sea-web.fr\/demo\/wp-json\/wp\/v2\/categories?post=2444"},{"taxonomy":"post_tag","embeddable":true,"href":"https:\/\/www.sea-web.fr\/demo\/wp-json\/wp\/v2\/tags?post=2444"}],"curies":[{"name":"wp","href":"https:\/\/api.w.org\/{rel}","templated":true}]}}