{"id":2559,"date":"2020-02-28T08:16:08","date_gmt":"2020-02-28T07:16:08","guid":{"rendered":"http:\/\/lesretrosduplateau.fr\/?p=2559"},"modified":"2020-04-29T16:39:45","modified_gmt":"2020-04-29T14:39:45","slug":"le-12eme-grand-rassemblement","status":"publish","type":"post","link":"https:\/\/www.sea-web.fr\/demo\/le-12eme-grand-rassemblement\/","title":{"rendered":"le 12eme Grand rassemblement 2020"},"content":{"rendered":"<h1 align=\"center\"><span style=\"color: #000000;\"><strong><img loading=\"lazy\" decoding=\"async\" class=\"alignleft size-full wp-image-3328\" src=\"http:\/\/lesretrosduplateau.fr\/wp-content\/uploads\/2020\/04\/IMG_0620-fichier-annulation.jpg\" alt=\"\" width=\"5184\" height=\"3456\" srcset=\"https:\/\/www.sea-web.fr\/demo\/wp-content\/uploads\/2020\/04\/IMG_0620-fichier-annulation.jpg 5184w, https:\/\/www.sea-web.fr\/demo\/wp-content\/uploads\/2020\/04\/IMG_0620-fichier-annulation-300x200.jpg 300w, https:\/\/www.sea-web.fr\/demo\/wp-content\/uploads\/2020\/04\/IMG_0620-fichier-annulation-768x512.jpg 768w, https:\/\/www.sea-web.fr\/demo\/wp-content\/uploads\/2020\/04\/IMG_0620-fichier-annulation-1024x683.jpg 1024w\" sizes=\"(max-width: 5184px) 100vw, 5184px\" \/>&nbsp;<\/strong><\/span><\/h1>\n<p>&nbsp;<\/p>\n<div style=\"width: 640px;\" class=\"wp-video\"><!--[if lt IE 9]><script>document.createElement('video');<\/script><![endif]-->\n<video class=\"wp-video-shortcode\" id=\"video-2559-1\" width=\"640\" height=\"360\" preload=\"metadata\" controls=\"controls\"><source type=\"video\/mp4\" src=\"http:\/\/lesretrosduplateau.fr\/wp-content\/uploads\/2020\/02\/la-bourse-aux-pi\u00e9ces-2019-1.mp4?_=1\" \/><a href=\"http:\/\/lesretrosduplateau.fr\/wp-content\/uploads\/2020\/02\/la-bourse-aux-pi\u00e9ces-2019-1.mp4\">http:\/\/lesretrosduplateau.fr\/wp-content\/uploads\/2020\/02\/la-bourse-aux-pi\u00e9ces-2019-1.mp4<\/a><\/video><\/div>\n<p style=\"text-align: center;\">Tous renseignements&nbsp;: inscriptions et contacts <strong>T\u00e9l N\u00b0 06-49-43-24-60<\/strong><\/p>\n<p><strong><u>Exposition de v\u00e9hicules<\/u> de plus de 30 ans&nbsp;. sportives, prestiges,militaire, Am\u00e9ricaine, tracteurs ,camions<\/strong><\/p>\n<p style=\"text-align: center;\"><strong>Retrouver la pr\u00e9c\u00e9dente \u00e9dition 2019<\/strong><\/p>\n<div style=\"width: 640px;\" class=\"wp-video\"><video class=\"wp-video-shortcode\" id=\"video-2559-2\" width=\"640\" height=\"360\" preload=\"metadata\" controls=\"controls\"><source type=\"video\/mp4\" src=\"http:\/\/lesretrosduplateau.fr\/wp-content\/uploads\/2020\/02\/le-11eme-rassemblement-2019-les-r\u00e9tros-du-plateau.mp4?_=2\" \/><a href=\"http:\/\/lesretrosduplateau.fr\/wp-content\/uploads\/2020\/02\/le-11eme-rassemblement-2019-les-r\u00e9tros-du-plateau.mp4\">http:\/\/lesretrosduplateau.fr\/wp-content\/uploads\/2020\/02\/le-11eme-rassemblement-2019-les-r\u00e9tros-du-plateau.mp4<\/a><\/video><\/div>\n<p>Pour les exposants de v\u00e9hicules anciens entr\u00e9e gratuite :&nbsp; Offert un caf\u00e9, un croissant et une plaque de rallye dans la limite de 1200 participants<\/p>\n<p>En 2019 plus de 1 200 v\u00e9hicules expos\u00e9s<\/p>\n<p><u>Divers&nbsp;:<\/u><\/p>\n<p>La s\u00e9curit\u00e9 est assur\u00e9e par la soci\u00e9t\u00e9 :<strong>G.P.S.P<\/strong><\/p>\n<p><img loading=\"lazy\" decoding=\"async\" class=\"alignleft wp-image-2647\" src=\"http:\/\/lesretrosduplateau.fr\/wp-content\/uploads\/2019\/08\/LOGO-GPSP.jpg\" alt=\"\" width=\"71\" height=\"71\" srcset=\"https:\/\/www.sea-web.fr\/demo\/wp-content\/uploads\/2019\/08\/LOGO-GPSP.jpg 454w, https:\/\/www.sea-web.fr\/demo\/wp-content\/uploads\/2019\/08\/LOGO-GPSP-150x150.jpg 150w, https:\/\/www.sea-web.fr\/demo\/wp-content\/uploads\/2019\/08\/LOGO-GPSP-300x300.jpg 300w, https:\/\/www.sea-web.fr\/demo\/wp-content\/uploads\/2019\/08\/LOGO-GPSP-100x100.jpg 100w\" sizes=\"(max-width: 71px) 100vw, 71px\" \/><\/p>\n<p>&nbsp;<\/p>\n<p><a href=\"https:\/\/www.gpsp-normandie.fr\/\">https:\/\/www.gpsp-normandie.fr\/<\/a><\/p>\n<p>Toilettes et Poste de secours.<\/p>\n<p>Parking gratuit<\/p>\n","protected":false},"excerpt":{"rendered":"<p>&nbsp; &nbsp; Tous renseignements&nbsp;: inscriptions et contacts T\u00e9l N\u00b0 06-49-43-24-60 Exposition de v\u00e9hicules de plus de 30 ans&nbsp;. sportives, prestiges,militaire, Am\u00e9ricaine, tracteurs ,camions Retrouver la pr\u00e9c\u00e9dente \u00e9dition 2019 Pour les exposants de v\u00e9hicules anciens entr\u00e9e gratuite :&nbsp; Offert un caf\u00e9, un croissant et une plaque de rallye dans la limite de 1200 participants En 2019 [&hellip;]<\/p>\n","protected":false},"author":4,"featured_media":5245,"comment_status":"closed","ping_status":"open","sticky":false,"template":"","format":"standard","meta":{"saved_in_kubio":false,"ngg_post_thumbnail":0,"footnotes":""},"categories":[53],"tags":[74,85,93,106,49,118],"class_list":["post-2559","post","type-post","status-publish","format-standard","has-post-thumbnail","hentry","category-le-rassemblement-annuel","tag-avril","tag-bourses","tag-eure","tag-le-neubourg","tag-rassemblement","tag-ressault"],"_links":{"self":[{"href":"https:\/\/www.sea-web.fr\/demo\/wp-json\/wp\/v2\/posts\/2559","targetHints":{"allow":["GET"]}}],"collection":[{"href":"https:\/\/www.sea-web.fr\/demo\/wp-json\/wp\/v2\/posts"}],"about":[{"href":"https:\/\/www.sea-web.fr\/demo\/wp-json\/wp\/v2\/types\/post"}],"author":[{"embeddable":true,"href":"https:\/\/www.sea-web.fr\/demo\/wp-json\/wp\/v2\/users\/4"}],"replies":[{"embeddable":true,"href":"https:\/\/www.sea-web.fr\/demo\/wp-json\/wp\/v2\/comments?post=2559"}],"version-history":[{"count":41,"href":"https:\/\/www.sea-web.fr\/demo\/wp-json\/wp\/v2\/posts\/2559\/revisions"}],"predecessor-version":[{"id":3345,"href":"https:\/\/www.sea-web.fr\/demo\/wp-json\/wp\/v2\/posts\/2559\/revisions\/3345"}],"wp:featuredmedia":[{"embeddable":true,"href":"https:\/\/www.sea-web.fr\/demo\/wp-json\/wp\/v2\/media\/5245"}],"wp:attachment":[{"href":"https:\/\/www.sea-web.fr\/demo\/wp-json\/wp\/v2\/media?parent=2559"}],"wp:term":[{"taxonomy":"category","embeddable":true,"href":"https:\/\/www.sea-web.fr\/demo\/wp-json\/wp\/v2\/categories?post=2559"},{"taxonomy":"post_tag","embeddable":true,"href":"https:\/\/www.sea-web.fr\/demo\/wp-json\/wp\/v2\/tags?post=2559"}],"curies":[{"name":"wp","href":"https:\/\/api.w.org\/{rel}","templated":true}]}}