{"id":2800,"date":"2019-10-03T08:36:45","date_gmt":"2019-10-03T06:36:45","guid":{"rendered":"http:\/\/lesretrosduplateau.fr\/?p=2800"},"modified":"2019-10-03T08:48:56","modified_gmt":"2019-10-03T06:48:56","slug":"le-vehicule-du-mois-doctobre","status":"publish","type":"post","link":"https:\/\/www.sea-web.fr\/demo\/le-vehicule-du-mois-doctobre\/","title":{"rendered":"le v\u00e9hicule du mois d&rsquo;octobre"},"content":{"rendered":"<p>&nbsp;C\u2019est la concr\u00e9tisation d\u2019un r\u00eave d\u2019enfant que nous pr\u00e9sente pour le mois d\u2019octobre Jos\u00e9 Nogu\u00e8s&nbsp; notre vice pr\u00e9sident avec cette Cobra r\u00e9plica de 1965. Moteur 3L9 de 250 CV \u00e0 injection directe.<\/p>\n<p>&nbsp;Il en est l\u2019heureux propri\u00e9taire depuis un an. Achat r\u00e9alis\u00e9&nbsp; apr\u00e8s une recherche de 2 ans, sur petite annonce, en r\u00e9gion parisienne.<\/p>\n<p>Son constructeur est &nbsp;CARDL &nbsp;SHELBY , mod\u00e8le imagin\u00e9 en 1962\/1963 pour les 24 Heurs du Mans afin de contrer les porches.<\/p>\n<div style=\"width: 640px;\" class=\"wp-video\"><!--[if lt IE 9]><script>document.createElement('video');<\/script><![endif]-->\n<video class=\"wp-video-shortcode\" id=\"video-2800-1\" width=\"640\" height=\"360\" preload=\"metadata\" controls=\"controls\"><source type=\"video\/mp4\" src=\"http:\/\/lesretrosduplateau.fr\/wp-content\/uploads\/2019\/10\/la-cobra-de-JO.mp4?_=1\" \/><a href=\"http:\/\/lesretrosduplateau.fr\/wp-content\/uploads\/2019\/10\/la-cobra-de-JO.mp4\">http:\/\/lesretrosduplateau.fr\/wp-content\/uploads\/2019\/10\/la-cobra-de-JO.mp4<\/a><\/video><\/div>\n<p>Plus de renseignements sur les liens suivants<\/p>\n<p><a href=\"http:\/\/www.clubcobrafrance.fr\/histoires-de-cobra\/\">http:\/\/www.clubcobrafrance.fr\/histoires-de-cobra\/<\/a><\/p>\n<p><a href=\"https:\/\/fr.wikipedia.org\/wiki\/AC_Cobra\">https:\/\/fr.wikipedia.org\/wiki\/AC_Cobra<\/a><\/p>\n","protected":false},"excerpt":{"rendered":"<p>&nbsp;C\u2019est la concr\u00e9tisation d\u2019un r\u00eave d\u2019enfant que nous pr\u00e9sente pour le mois d\u2019octobre Jos\u00e9 Nogu\u00e8s&nbsp; notre vice pr\u00e9sident avec cette Cobra r\u00e9plica de 1965. Moteur 3L9 de 250 CV \u00e0 injection directe. &nbsp;Il en est l\u2019heureux propri\u00e9taire depuis un an. Achat r\u00e9alis\u00e9&nbsp; apr\u00e8s une recherche de 2 ans, sur petite annonce, en r\u00e9gion parisienne. Son [&hellip;]<\/p>\n","protected":false},"author":4,"featured_media":0,"comment_status":"closed","ping_status":"open","sticky":false,"template":"","format":"standard","meta":{"saved_in_kubio":false,"ngg_post_thumbnail":0,"footnotes":""},"categories":[6],"tags":[],"class_list":["post-2800","post","type-post","status-publish","format-standard","hentry","category-levehicule"],"_links":{"self":[{"href":"https:\/\/www.sea-web.fr\/demo\/wp-json\/wp\/v2\/posts\/2800","targetHints":{"allow":["GET"]}}],"collection":[{"href":"https:\/\/www.sea-web.fr\/demo\/wp-json\/wp\/v2\/posts"}],"about":[{"href":"https:\/\/www.sea-web.fr\/demo\/wp-json\/wp\/v2\/types\/post"}],"author":[{"embeddable":true,"href":"https:\/\/www.sea-web.fr\/demo\/wp-json\/wp\/v2\/users\/4"}],"replies":[{"embeddable":true,"href":"https:\/\/www.sea-web.fr\/demo\/wp-json\/wp\/v2\/comments?post=2800"}],"version-history":[{"count":2,"href":"https:\/\/www.sea-web.fr\/demo\/wp-json\/wp\/v2\/posts\/2800\/revisions"}],"predecessor-version":[{"id":2803,"href":"https:\/\/www.sea-web.fr\/demo\/wp-json\/wp\/v2\/posts\/2800\/revisions\/2803"}],"wp:attachment":[{"href":"https:\/\/www.sea-web.fr\/demo\/wp-json\/wp\/v2\/media?parent=2800"}],"wp:term":[{"taxonomy":"category","embeddable":true,"href":"https:\/\/www.sea-web.fr\/demo\/wp-json\/wp\/v2\/categories?post=2800"},{"taxonomy":"post_tag","embeddable":true,"href":"https:\/\/www.sea-web.fr\/demo\/wp-json\/wp\/v2\/tags?post=2800"}],"curies":[{"name":"wp","href":"https:\/\/api.w.org\/{rel}","templated":true}]}}