{"id":30,"date":"2018-03-11T20:24:54","date_gmt":"2018-03-11T19:24:54","guid":{"rendered":"http:\/\/lesretrosduplateau.fr\/?p=30"},"modified":"2019-02-03T18:42:31","modified_gmt":"2019-02-03T17:42:31","slug":"quelques-chiffres-du-rendez-vous-mensuel","status":"publish","type":"post","link":"https:\/\/www.sea-web.fr\/demo\/quelques-chiffres-du-rendez-vous-mensuel\/","title":{"rendered":"Quelques chiffres du rendez-vous mensuel"},"content":{"rendered":"<p><img loading=\"lazy\" decoding=\"async\" class=\"aligncenter wp-image-303 size-full\" src=\"http:\/\/lesretrosduplateau.fr\/wp-content\/uploads\/2018\/03\/oh-la-belle-jaune.jpg\" alt=\"\" width=\"4000\" height=\"3000\" srcset=\"https:\/\/www.sea-web.fr\/demo\/wp-content\/uploads\/2018\/03\/oh-la-belle-jaune.jpg 4000w, https:\/\/www.sea-web.fr\/demo\/wp-content\/uploads\/2018\/03\/oh-la-belle-jaune-300x225.jpg 300w, https:\/\/www.sea-web.fr\/demo\/wp-content\/uploads\/2018\/03\/oh-la-belle-jaune-768x576.jpg 768w, https:\/\/www.sea-web.fr\/demo\/wp-content\/uploads\/2018\/03\/oh-la-belle-jaune-1024x768.jpg 1024w\" sizes=\"(max-width: 4000px) 100vw, 4000px\" \/><\/p>\n<p>Le 3 septembre 2017 : 74 v\u00e9hicules et de nombreux visiteurs. une belle r\u00e9ussite pour une premi\u00e8re.<\/p>\n<p>Le 8 octobre 2017 : 60 v\u00e9hicules. \u00c9norm\u00e9ment de festivit\u00e9s dans la r\u00e9gion.<\/p>\n<p>Le 5 novembre 2017 : 52 v\u00e9hicules<\/p>\n<p>Le 3 d\u00e9cembre 2017 : Une quarantaine de voitures sur le parking du Ch\u00e2teau : belle affluence pour la saison &#8230;. Le caf\u00e9, le chocolat et les madeleines r\u00e9confortaient les chauffeurs et les visiteurs du froid glacial.<\/p>\n<p>Le 7 janvier 2018 : Un froid de canard r\u00e9chauff\u00e9 par la galette servi \u00e0 l&rsquo;int\u00e9rieur du Ch\u00e2teau. L&rsquo;ann\u00e9e commence tr\u00e8s bien. Les visiteurs affluent pour se souhaiter leurs meilleurs v\u0153ux.<\/p>\n<p>Le 4 f\u00e9vrier 2018: Bonne repr\u00e9sentation avec 50 v\u00e9hicules<\/p>\n<p>Le 4 mars 2018 : Temps maussade, froid et pluvieux. Il fallait \u00eatre tr\u00e8s courageux pour sortir et presque 40 voitures.<\/p>\n<p>Le 1\u00b0 avril 2018 : env 70 v\u00e9hicules<\/p>\n<p>Le 3 Juin 2018 : env 65 v\u00e9hicules par un temps ensoleill\u00e9<\/p>\n<p>Le 1\u00b0 Juillet 2018&nbsp; : 65 v\u00e9hicules par une chaleur caniculaire<\/p>\n<p>Le 5 Ao\u00fbt 2018 :&nbsp;85 v\u00e9hicules par une chaleur caniculaire. Ca y est, la capacit\u00e9 d&rsquo;accueil a \u00e9t\u00e9 d\u00e9pass\u00e9e et il faut revoir notre copie pour pouvoir continuer \u00e0 vous accueillir dans de bonnes conditions !<\/p>\n<p>Le 2 septembre 2018 : ce sont plus de 100 v\u00e9hicules qui nous ont rejoint pour c\u00e9l\u00e9brer le 1\u00b0 anniversaire de ce RDV. Malgr\u00e9 la mise \u00e0 disposition des 2 parkings de la place du vieux Ch\u00e2teau, la capacit\u00e9 d&rsquo;accueil \u00e9tait largement d\u00e9pass\u00e9e ! Un grand merci \u00e0 vous tous, de plus en plus nombreux et fid\u00e8les \u00e0 ce RDV&nbsp;<a href=\"https:\/\/www.facebook.com\/bruno.gicquel.313\/media_set?set=a.2151740881748077&amp;type=3\"><em>Les photos ici<\/em><\/a><\/p>\n<p>Le 7 Octobre 2018 : env 30 v\u00e9hicules par un temps pluvieux<\/p>\n<p>Le&nbsp;4 Novembre 2018 : belle journ\u00e9e ensoleill\u00e9e pour accueillir 80 v\u00e9hicules&nbsp;<a href=\"https:\/\/www.facebook.com\/lesretrosduplateauofficiel\/posts\/1987217987983257\"><em>Les photos ici<\/em><\/a><\/p>\n<p>Le 2 D\u00e9cembre 2018 : un peu plus de 30 v\u00e9hicules par un temps maussade<\/p>\n<p>Le 06 Janvier 2019 : un peu plus de 95 v\u00e9hicules \u00e9taient pr\u00e9sents pour cette nouvelle ann\u00e9e avec d\u00e9gustation de galettes des rois et vin chaud<\/p>\n<p>Le 03 F\u00e9vrier 2019 : 90 v\u00e9hicules \u00e9taient au RDV. Nouveaut\u00e9 \u00e0 partir de cette \u00e9dition, pour pouvoir accueillir plus de v\u00e9hicules dans de meilleures conditions, mise en place d&rsquo;un second parking (modeste quand m\u00eame) pour les sportives plus modernes .<\/p>\n<p><a href=\"https:\/\/www.facebook.com\/lesretrosduplateauofficiel\/posts\/2112796232092098\"><em>Le grand parking&nbsp;&nbsp;<\/em><\/a><\/p>\n<p><a href=\"https:\/\/www.facebook.com\/lesretrosduplateauofficiel\/posts\/2112797228758665\"><em>Le petit parking<\/em><\/a><\/p>\n<p>&nbsp;<\/p>\n","protected":false},"excerpt":{"rendered":"<p>Le 3 septembre 2017 : 74 v\u00e9hicules et de nombreux visiteurs. une belle r\u00e9ussite pour une premi\u00e8re. Le 8 octobre 2017 : 60 v\u00e9hicules. \u00c9norm\u00e9ment de festivit\u00e9s dans la r\u00e9gion. Le 5 novembre 2017 : 52 v\u00e9hicules Le 3 d\u00e9cembre 2017 : Une quarantaine de voitures sur le parking du Ch\u00e2teau : belle affluence pour [&hellip;]<\/p>\n","protected":false},"author":4,"featured_media":0,"comment_status":"closed","ping_status":"open","sticky":false,"template":"","format":"standard","meta":{"saved_in_kubio":false,"ngg_post_thumbnail":0,"footnotes":""},"categories":[55],"tags":[],"class_list":["post-30","post","type-post","status-publish","format-standard","hentry","category-les-rassemblements-mensuels"],"_links":{"self":[{"href":"https:\/\/www.sea-web.fr\/demo\/wp-json\/wp\/v2\/posts\/30","targetHints":{"allow":["GET"]}}],"collection":[{"href":"https:\/\/www.sea-web.fr\/demo\/wp-json\/wp\/v2\/posts"}],"about":[{"href":"https:\/\/www.sea-web.fr\/demo\/wp-json\/wp\/v2\/types\/post"}],"author":[{"embeddable":true,"href":"https:\/\/www.sea-web.fr\/demo\/wp-json\/wp\/v2\/users\/4"}],"replies":[{"embeddable":true,"href":"https:\/\/www.sea-web.fr\/demo\/wp-json\/wp\/v2\/comments?post=30"}],"version-history":[{"count":25,"href":"https:\/\/www.sea-web.fr\/demo\/wp-json\/wp\/v2\/posts\/30\/revisions"}],"predecessor-version":[{"id":861,"href":"https:\/\/www.sea-web.fr\/demo\/wp-json\/wp\/v2\/posts\/30\/revisions\/861"}],"wp:attachment":[{"href":"https:\/\/www.sea-web.fr\/demo\/wp-json\/wp\/v2\/media?parent=30"}],"wp:term":[{"taxonomy":"category","embeddable":true,"href":"https:\/\/www.sea-web.fr\/demo\/wp-json\/wp\/v2\/categories?post=30"},{"taxonomy":"post_tag","embeddable":true,"href":"https:\/\/www.sea-web.fr\/demo\/wp-json\/wp\/v2\/tags?post=30"}],"curies":[{"name":"wp","href":"https:\/\/api.w.org\/{rel}","templated":true}]}}