{"id":3024,"date":"2019-11-28T08:16:42","date_gmt":"2019-11-28T07:16:42","guid":{"rendered":"http:\/\/lesretrosduplateau.fr\/?p=3024"},"modified":"2019-11-29T05:51:04","modified_gmt":"2019-11-29T04:51:04","slug":"le-vehicule-du-mois-de-decembre","status":"publish","type":"post","link":"https:\/\/www.sea-web.fr\/demo\/le-vehicule-du-mois-de-decembre\/","title":{"rendered":"le v\u00e9hicule du mois de d\u00e9cembre"},"content":{"rendered":"<h1 style=\"text-align: center;\"><strong>Le Renault colorale 4X4 de Germain Barbey<\/strong><\/h1>\n<p>Pour finir cette s\u00e9rie 2019, des v\u00e9hicules du Mois, c\u2019est un mod\u00e8le&nbsp; rare que nous pr\u00e9sente notre pr\u00e9sident d\u2019honneur Germain BARBEY avec le Renault colorable 4X4 de 1952.<\/p>\n<p>Achet\u00e9 en 2004 \u00e0 Neuilly sur Eure, gr\u00e2ce \u00e0 la recommandation d\u2019un coll\u00e8gue de travail, son ancien propri\u00e9taire l\u2019avait transform\u00e9 en d\u00e9panneuse, Ce qui n\u2019\u00e9tait pas sa fonction d\u2019origine.<\/p>\n<p>Pour augmenter sa puissance, germain l\u2019a dot\u00e9 d\u2019un moteur de 14 Cv en remplacement du 11 cv du constructeur. (La &nbsp;motorisation insuffisante \u00e9tait l\u2019une des reproches&nbsp; faite \u00e0 ce&nbsp; SUV avant l\u2019heure. Il fut pr\u00e9sent\u00e9&nbsp; en avant premi\u00e8re au salon de l\u2019automobile de 1950)<\/p>\n<p>&nbsp;Germain fut collectionneurs de mod\u00e8les r\u00e9duits dans un premier temps.&nbsp; Ce Renault colorable 4X4 est l\u2019une de ses premi\u00e8res acquisitions &nbsp;grandeur nature. &nbsp;Il a \u00e9toff\u00e9, depuis cet achat, sa collection &nbsp;d\u2019autres&nbsp; mod\u00e8les. Il a particip\u00e9 \u00e0 de nombreuses concentrations ou salon, comme le circuit Bugatti, le Mans, Rouen, le 60eme anniversaire de la Colorale \u00e0 la Fert\u00e9 Allais etc.\u2026<\/p>\n<p>Un fabriquant de voitures miniatures ne sait pas tromp\u00e9 sur l\u2019attrait des lignes de cette d\u00e9panneuse en \u00e9ditant une s\u00e9rie de 20 000 exemplaires \u00e0 l\u2019\u00e9t\u00e9 2018.<\/p>\n<p><iframe loading=\"lazy\" title=\"le renault colorale 4X4 de 1952\" width=\"500\" height=\"281\" src=\"https:\/\/www.youtube.com\/embed\/DuXiWJFda0c?start=56&#038;feature=oembed\" frameborder=\"0\" allow=\"accelerometer; autoplay; clipboard-write; encrypted-media; gyroscope; picture-in-picture; web-share\" referrerpolicy=\"strict-origin-when-cross-origin\" allowfullscreen><\/iframe><\/p>\n<p>Plus de renseignements sur les liens suivants:<\/p>\n<p><a href=\"http:\/\/www.colorale.org\/\">http:\/\/www.colorale.org\/<\/a><\/p>\n<p><a href=\"https:\/\/fr.wikipedia.org\/wiki\/Renault_Colorale\">https:\/\/fr.wikipedia.org\/wiki\/Renault_Colorale<\/a><\/p>\n<p><a href=\"http:\/\/www.lespetitesrenault.fr\/colmodeles\/colorale\/R1457\/R1457.htm\">http:\/\/www.lespetitesrenault.fr\/colmodeles\/colorale\/R1457\/R1457.htm<\/a><\/p>\n<p>&nbsp;<\/p>\n<p>&nbsp;<\/p>\n<p>&nbsp;<\/p>\n<p>&nbsp;<\/p>\n<p>&nbsp;<\/p>\n<p>&nbsp;<\/p>\n","protected":false},"excerpt":{"rendered":"<p>Le Renault colorale 4X4 de Germain Barbey Pour finir cette s\u00e9rie 2019, des v\u00e9hicules du Mois, c\u2019est un mod\u00e8le&nbsp; rare que nous pr\u00e9sente notre pr\u00e9sident d\u2019honneur Germain BARBEY avec le Renault colorable 4X4 de 1952. Achet\u00e9 en 2004 \u00e0 Neuilly sur Eure, gr\u00e2ce \u00e0 la recommandation d\u2019un coll\u00e8gue de travail, son ancien propri\u00e9taire l\u2019avait transform\u00e9 [&hellip;]<\/p>\n","protected":false},"author":4,"featured_media":0,"comment_status":"closed","ping_status":"open","sticky":false,"template":"","format":"standard","meta":{"saved_in_kubio":false,"ngg_post_thumbnail":0,"footnotes":""},"categories":[6],"tags":[],"class_list":["post-3024","post","type-post","status-publish","format-standard","hentry","category-levehicule"],"_links":{"self":[{"href":"https:\/\/www.sea-web.fr\/demo\/wp-json\/wp\/v2\/posts\/3024","targetHints":{"allow":["GET"]}}],"collection":[{"href":"https:\/\/www.sea-web.fr\/demo\/wp-json\/wp\/v2\/posts"}],"about":[{"href":"https:\/\/www.sea-web.fr\/demo\/wp-json\/wp\/v2\/types\/post"}],"author":[{"embeddable":true,"href":"https:\/\/www.sea-web.fr\/demo\/wp-json\/wp\/v2\/users\/4"}],"replies":[{"embeddable":true,"href":"https:\/\/www.sea-web.fr\/demo\/wp-json\/wp\/v2\/comments?post=3024"}],"version-history":[{"count":5,"href":"https:\/\/www.sea-web.fr\/demo\/wp-json\/wp\/v2\/posts\/3024\/revisions"}],"predecessor-version":[{"id":3032,"href":"https:\/\/www.sea-web.fr\/demo\/wp-json\/wp\/v2\/posts\/3024\/revisions\/3032"}],"wp:attachment":[{"href":"https:\/\/www.sea-web.fr\/demo\/wp-json\/wp\/v2\/media?parent=3024"}],"wp:term":[{"taxonomy":"category","embeddable":true,"href":"https:\/\/www.sea-web.fr\/demo\/wp-json\/wp\/v2\/categories?post=3024"},{"taxonomy":"post_tag","embeddable":true,"href":"https:\/\/www.sea-web.fr\/demo\/wp-json\/wp\/v2\/tags?post=3024"}],"curies":[{"name":"wp","href":"https:\/\/api.w.org\/{rel}","templated":true}]}}