{"id":3303,"date":"2020-02-29T09:07:48","date_gmt":"2020-02-29T08:07:48","guid":{"rendered":"http:\/\/lesretrosduplateau.fr\/?p=3303"},"modified":"2020-02-29T10:49:00","modified_gmt":"2020-02-29T09:49:00","slug":"le-vehicule-du-mois-de-mars-2020","status":"publish","type":"post","link":"https:\/\/www.sea-web.fr\/demo\/le-vehicule-du-mois-de-mars-2020\/","title":{"rendered":"Le v\u00e9hicule du mois de Mars 2020"},"content":{"rendered":"<pre style=\"text-align: center;\"><strong>La Bentley Turbo R de 1987<\/strong><\/pre>\n<p>Pour ce mois de mars, annonciateur du printemps et des beaux jours, c\u2019est une Bentley Turbo R que nous pr\u00e9sente son heureux propri\u00e9taire Patrice ARNAUD. Acquise il y a trois ans, il est particuli\u00e8rement fier de nous faire partager sa passion pour ce mod\u00e8le. Avec un emp\u00e2tement tr\u00e8s important (5,5 m de longueur pour un poids de pr\u00e9s de 2,5T) il juge cette Bentley tr\u00e8s agr\u00e9able \u00e0 conduire.<\/p>\n<p>Elle dispose d\u2019un tr\u00e8s grand confort, dans la meilleure tradition britannique, Tableau de bord en ronce de noyer, sellerie en cuir haut de gamme, tapis de sol en laine de mouton, bar avec flasques et verres en cristal, tablettes repliables aux places arri\u00e8re etc. \u2026.<\/p>\n<p>Un petit trajet dans ce&nbsp;\u00ab&nbsp;Palace&nbsp;\u00bb roulant et sa pr\u00e9sentation dans le cadre du Manoir de Thermos \u00e0 Saint Eloi de Fourques nous a permis d\u2019appr\u00e9cier le luxe et le plaisir offert \u00e0 la fois au chauffeur et aux passagers \u00e0 bord de cette berline d\u2019exception.<\/p>\n<p><iframe loading=\"lazy\" title=\"la Bentley Turbo R  1987\" width=\"500\" height=\"281\" src=\"https:\/\/www.youtube.com\/embed\/QfLlGmo5tfw?feature=oembed\" frameborder=\"0\" allow=\"accelerometer; autoplay; clipboard-write; encrypted-media; gyroscope; picture-in-picture; web-share\" referrerpolicy=\"strict-origin-when-cross-origin\" allowfullscreen><\/iframe><\/p>\n<h3><strong><sup>source&nbsp;: Wikip\u00e9dia<\/sup><\/strong><\/h3>\n<p>La <strong>Bentley Turbo R<\/strong> est une <a href=\"https:\/\/fr.wikipedia.org\/wiki\/Type_de_carrosserie#Berline\">berline<\/a> de <a href=\"https:\/\/fr.wikipedia.org\/wiki\/Luxe\">luxe<\/a> \u00e0 hautes performances construite \u00e0 7&nbsp;230 exemplaires par <a href=\"https:\/\/fr.wikipedia.org\/wiki\/Bentley_Motors\">Bentley Motors<\/a> entre <a href=\"https:\/\/fr.wikipedia.org\/wiki\/1985\">1985<\/a> et <a href=\"https:\/\/fr.wikipedia.org\/wiki\/1997\">1997<\/a>. Elle partage le ch\u00e2ssis de la <a href=\"https:\/\/fr.wikipedia.org\/wiki\/Bentley_Mulsanne\">Mulsanne<\/a> et avait h\u00e9rit\u00e9 du moteur <a href=\"https:\/\/fr.wikipedia.org\/wiki\/Turbocompresseur\">turbo<\/a> de la <a href=\"https:\/\/fr.wikipedia.org\/wiki\/Bentley_Mulsanne\">Mulsanne Turbo<\/a>, agr\u00e9ment\u00e9 d&rsquo;un syst\u00e8me d&rsquo;<a href=\"https:\/\/fr.wikipedia.org\/wiki\/Injection_(moteur)\">injection<\/a> <a href=\"https:\/\/fr.wikipedia.org\/wiki\/Robert_Bosch_GmbH\">Bosch<\/a> MK-Motronic pour un couple accru. La suspension est \u00e9galement \u00e9t\u00e9 am\u00e9lior\u00e9e, les <a href=\"https:\/\/fr.wikipedia.org\/wiki\/Pneu\">pneus<\/a> plus larges et elle est \u00e9quip\u00e9e de <a href=\"https:\/\/fr.wikipedia.org\/wiki\/Jante_(automobile)\">jantes<\/a> en alliage d&rsquo;aluminium, une premi\u00e8re pour Bentley. Le magazine <a href=\"https:\/\/fr.wikipedia.org\/wiki\/Motor_Trend\"><em>Motor Trend<\/em><\/a> l&rsquo;appela \u00ab<em>la premi\u00e8re Bentley \u00e0 m\u00e9riter ce nom depuis des d\u00e9cennies<\/em>\u00bb lors de son essai de la voiture \u00e0 son introduction aux \u00c9tats-Unis en 1989<a href=\"https:\/\/fr.wikipedia.org\/wiki\/Bentley_Turbo_R#cite_note-1\"><sup>1<\/sup><\/a>. Bentley la consid\u00e8re comme la voiture qui a relanc\u00e9 la marque auparavant \u00e9clips\u00e9e par son propri\u00e9taire <a href=\"https:\/\/fr.wikipedia.org\/wiki\/Rolls-Royce_Motor_Cars\">Rolls-Royce<\/a><a href=\"https:\/\/fr.wikipedia.org\/wiki\/Bentley_Turbo_R#cite_note-site_off-2\"><sup>2<\/sup><\/a><\/p>\n<p><a href=\"https:\/\/fr.wikipedia.org\/wiki\/Bentley_Turbo_R\">https:\/\/fr.wikipedia.org\/wiki\/Bentley_Turbo_R<\/a><\/p>\n","protected":false},"excerpt":{"rendered":"<p>La Bentley Turbo R de 1987 Pour ce mois de mars, annonciateur du printemps et des beaux jours, c\u2019est une Bentley Turbo R que nous pr\u00e9sente son heureux propri\u00e9taire Patrice ARNAUD. Acquise il y a trois ans, il est particuli\u00e8rement fier de nous faire partager sa passion pour ce mod\u00e8le. Avec un emp\u00e2tement tr\u00e8s important [&hellip;]<\/p>\n","protected":false},"author":4,"featured_media":0,"comment_status":"closed","ping_status":"open","sticky":false,"template":"","format":"standard","meta":{"saved_in_kubio":false,"ngg_post_thumbnail":0,"footnotes":""},"categories":[6],"tags":[119,81,88,33,120,121],"class_list":["post-3303","post","type-post","status-publish","format-standard","hentry","category-levehicule","tag-bentley","tag-berline","tag-mars","tag-mois","tag-turbo","tag-vehicule-du-mois"],"_links":{"self":[{"href":"https:\/\/www.sea-web.fr\/demo\/wp-json\/wp\/v2\/posts\/3303","targetHints":{"allow":["GET"]}}],"collection":[{"href":"https:\/\/www.sea-web.fr\/demo\/wp-json\/wp\/v2\/posts"}],"about":[{"href":"https:\/\/www.sea-web.fr\/demo\/wp-json\/wp\/v2\/types\/post"}],"author":[{"embeddable":true,"href":"https:\/\/www.sea-web.fr\/demo\/wp-json\/wp\/v2\/users\/4"}],"replies":[{"embeddable":true,"href":"https:\/\/www.sea-web.fr\/demo\/wp-json\/wp\/v2\/comments?post=3303"}],"version-history":[{"count":3,"href":"https:\/\/www.sea-web.fr\/demo\/wp-json\/wp\/v2\/posts\/3303\/revisions"}],"predecessor-version":[{"id":3312,"href":"https:\/\/www.sea-web.fr\/demo\/wp-json\/wp\/v2\/posts\/3303\/revisions\/3312"}],"wp:attachment":[{"href":"https:\/\/www.sea-web.fr\/demo\/wp-json\/wp\/v2\/media?parent=3303"}],"wp:term":[{"taxonomy":"category","embeddable":true,"href":"https:\/\/www.sea-web.fr\/demo\/wp-json\/wp\/v2\/categories?post=3303"},{"taxonomy":"post_tag","embeddable":true,"href":"https:\/\/www.sea-web.fr\/demo\/wp-json\/wp\/v2\/tags?post=3303"}],"curies":[{"name":"wp","href":"https:\/\/api.w.org\/{rel}","templated":true}]}}