{"id":34,"date":"2019-03-01T20:26:45","date_gmt":"2019-03-01T19:26:45","guid":{"rendered":"http:\/\/lesretrosduplateau.fr\/?p=34"},"modified":"2019-10-02T11:36:45","modified_gmt":"2019-10-02T09:36:45","slug":"calendrier-2019","status":"publish","type":"post","link":"https:\/\/www.sea-web.fr\/demo\/calendrier-2019\/","title":{"rendered":"Calendrier 2019"},"content":{"rendered":"<p><strong>Dimanche 6 janvier&nbsp;: <\/strong>Rendez vous mensuel, place du Ch\u00e2teau<\/p>\n<p><strong>Dimanche 3 f\u00e9vrier&nbsp;: <\/strong>Rendez vous mensuel&nbsp; place du Ch\u00e2teau<\/p>\n<p><strong>Dimanche 3 mars&nbsp;: <\/strong>Rendez vous mensuel, place du Ch\u00e2teau<\/p>\n<p><strong>Lundi 25 mars&nbsp;:<\/strong> Tours de Normandie \u00ab&nbsp;course de v\u00e9lo&nbsp;\u00bb<\/p>\n<p><strong>Dimanche 7 Avril&nbsp;: <\/strong>Rendez vous mensuel, place du Ch\u00e2teau et comice agricole<\/p>\n<p><strong>Samedi 13&nbsp; &amp; Dimanche 14 Avril<\/strong> : Bourse aux pi\u00e8ces&nbsp; et 11eme grand rassemblement aux \u00c9ts LAMERANT<\/p>\n<p><strong>Dimanche 28 avril&nbsp;:<\/strong> Rallye de printemps<\/p>\n<p><strong>Dimanche 5 mai&nbsp;: <\/strong>Rendez vous mensuel, place du Ch\u00e2teau<\/p>\n<p><strong>Samedi 25 &amp; Dimanche 26 mai&nbsp;:<\/strong> Manifestation \u00e0 Caudebec les Elbeuf&nbsp; &#8211; 75eme anniversaire du d\u00e9barquement<\/p>\n<p><strong>Dimanche 2 juin&nbsp;: <\/strong>Rendez vous mensuel, place du Ch\u00e2teau<\/p>\n<p><strong>Dimanche 7 juillet&nbsp;: <\/strong>Rendez vous mensuel, place du Ch\u00e2teau<\/p>\n<p><strong>Dimanche 4 ao\u00fbt&nbsp;: <\/strong>Rendez vous mensuel, place du Ch\u00e2teau<\/p>\n<p><strong>Dimanche 1 septembre&nbsp;: <\/strong>Rendez vous mensuel, place du Ch\u00e2teau<\/p>\n<p><strong>Septembre&nbsp;:<\/strong> Ballade dans le P\u00e9rigord<\/p>\n<p><strong>Samedi 21 &amp; Dimanche 22 septembre&nbsp;:<\/strong> Salon r\u00e9tro mobile &#8211;&nbsp; Rouen<\/p>\n<p><strong>Dimanche 6 octobre&nbsp;: <\/strong>Rendez vous mensuel, place du Ch\u00e2teau<\/p>\n<p><strong>Samedi 12 octobre&nbsp;: <\/strong>F\u00eate de Routot<\/p>\n<p><del><strong>Dimanche 13 octobre:<\/strong> Rallye d&rsquo;automne <\/del><strong><span style=\"color: #ff0000;\"><del>(<\/del>Annul\u00e9)<\/span><\/strong><\/p>\n<p><strong>Dimanche 3 novembre&nbsp;: <\/strong>Rendez vous mensuel, place du Ch\u00e2teau<\/p>\n<p><strong>Dimanche 1 d\u00e9cembre&nbsp;: <\/strong>Rendez vous mensuel, place du Ch\u00e2teau<\/p>\n<p>&nbsp;<\/p>\n","protected":false},"excerpt":{"rendered":"<p>Dimanche 6 janvier&nbsp;: Rendez vous mensuel, place du Ch\u00e2teau Dimanche 3 f\u00e9vrier&nbsp;: Rendez vous mensuel&nbsp; place du Ch\u00e2teau Dimanche 3 mars&nbsp;: Rendez vous mensuel, place du Ch\u00e2teau Lundi 25 mars&nbsp;: Tours de Normandie \u00ab&nbsp;course de v\u00e9lo&nbsp;\u00bb Dimanche 7 Avril&nbsp;: Rendez vous mensuel, place du Ch\u00e2teau et comice agricole Samedi 13&nbsp; &amp; Dimanche 14 Avril : [&hellip;]<\/p>\n","protected":false},"author":4,"featured_media":0,"comment_status":"closed","ping_status":"open","sticky":false,"template":"","format":"standard","meta":{"saved_in_kubio":false,"ngg_post_thumbnail":0,"footnotes":""},"categories":[36],"tags":[],"class_list":["post-34","post","type-post","status-publish","format-standard","hentry","category-les-activites"],"_links":{"self":[{"href":"https:\/\/www.sea-web.fr\/demo\/wp-json\/wp\/v2\/posts\/34","targetHints":{"allow":["GET"]}}],"collection":[{"href":"https:\/\/www.sea-web.fr\/demo\/wp-json\/wp\/v2\/posts"}],"about":[{"href":"https:\/\/www.sea-web.fr\/demo\/wp-json\/wp\/v2\/types\/post"}],"author":[{"embeddable":true,"href":"https:\/\/www.sea-web.fr\/demo\/wp-json\/wp\/v2\/users\/4"}],"replies":[{"embeddable":true,"href":"https:\/\/www.sea-web.fr\/demo\/wp-json\/wp\/v2\/comments?post=34"}],"version-history":[{"count":8,"href":"https:\/\/www.sea-web.fr\/demo\/wp-json\/wp\/v2\/posts\/34\/revisions"}],"predecessor-version":[{"id":2785,"href":"https:\/\/www.sea-web.fr\/demo\/wp-json\/wp\/v2\/posts\/34\/revisions\/2785"}],"wp:attachment":[{"href":"https:\/\/www.sea-web.fr\/demo\/wp-json\/wp\/v2\/media?parent=34"}],"wp:term":[{"taxonomy":"category","embeddable":true,"href":"https:\/\/www.sea-web.fr\/demo\/wp-json\/wp\/v2\/categories?post=34"},{"taxonomy":"post_tag","embeddable":true,"href":"https:\/\/www.sea-web.fr\/demo\/wp-json\/wp\/v2\/tags?post=34"}],"curies":[{"name":"wp","href":"https:\/\/api.w.org\/{rel}","templated":true}]}}