{"id":42,"date":"2018-03-11T20:33:05","date_gmt":"2018-03-11T19:33:05","guid":{"rendered":"http:\/\/lesretrosduplateau.fr\/?p=42"},"modified":"2023-11-06T07:51:56","modified_gmt":"2023-11-06T06:51:56","slug":"le-rendez-vous-mensuel","status":"publish","type":"post","link":"https:\/\/www.sea-web.fr\/demo\/le-rendez-vous-mensuel\/","title":{"rendered":"Le rendez-vous mensuel"},"content":{"rendered":"<p><img loading=\"lazy\" decoding=\"async\" class=\"aligncenter wp-image-301 size-full\" src=\"http:\/\/lesretrosduplateau.fr\/wp-content\/uploads\/2018\/03\/la-place-du-Neubourg.jpg\" alt=\"\" width=\"4000\" height=\"3000\" srcset=\"https:\/\/www.sea-web.fr\/demo\/wp-content\/uploads\/2018\/03\/la-place-du-Neubourg.jpg 4000w, https:\/\/www.sea-web.fr\/demo\/wp-content\/uploads\/2018\/03\/la-place-du-Neubourg-300x225.jpg 300w, https:\/\/www.sea-web.fr\/demo\/wp-content\/uploads\/2018\/03\/la-place-du-Neubourg-768x576.jpg 768w, https:\/\/www.sea-web.fr\/demo\/wp-content\/uploads\/2018\/03\/la-place-du-Neubourg-1024x768.jpg 1024w\" sizes=\"(max-width: 4000px) 100vw, 4000px\" \/><\/p>\n<p><strong>Le 1er dimanche de chaque mois de 9h30 \u00e0 12h00<\/strong><\/p>\n<p>sur la place du ch\u00e2teau au centre ville du Neubourg<\/p>\n<p>Rassemblement de v\u00e9hicules de toutes cat\u00e9gories <strong>de plus de 25 ans<\/strong>.<\/p>\n<p>V\u00e9hicules de prestiges et d&rsquo;exceptions accept\u00e9s<\/p>\n<p>Contact : 06-11-33-44-83<\/p>\n<p>Lucien ROUSSEL &#8211; Yvon HAQUET &#8211; Bruno GICQUEL<\/p>\n<p><img loading=\"lazy\" decoding=\"async\" class=\"alignnone size-medium wp-image-302\" src=\"http:\/\/lesretrosduplateau.fr\/wp-content\/uploads\/2018\/03\/belles-rang\u00e9es-de-voitures-300x225.jpg\" alt=\"\" width=\"300\" height=\"225\" srcset=\"https:\/\/www.sea-web.fr\/demo\/wp-content\/uploads\/2018\/03\/belles-rang\u00e9es-de-voitures-300x225.jpg 300w, https:\/\/www.sea-web.fr\/demo\/wp-content\/uploads\/2018\/03\/belles-rang\u00e9es-de-voitures-768x576.jpg 768w, https:\/\/www.sea-web.fr\/demo\/wp-content\/uploads\/2018\/03\/belles-rang\u00e9es-de-voitures-1024x768.jpg 1024w\" sizes=\"(max-width: 300px) 100vw, 300px\" \/><\/p>\n","protected":false},"excerpt":{"rendered":"<p>Le 1er dimanche de chaque mois de 9h30 \u00e0 12h00 sur la place du ch\u00e2teau au centre ville du Neubourg Rassemblement de v\u00e9hicules de toutes cat\u00e9gories de plus de 25 ans. V\u00e9hicules de prestiges et d&rsquo;exceptions accept\u00e9s Contact : 06-11-33-44-83 Lucien ROUSSEL &#8211; Yvon HAQUET &#8211; Bruno GICQUEL<\/p>\n","protected":false},"author":4,"featured_media":5255,"comment_status":"closed","ping_status":"open","sticky":false,"template":"","format":"standard","meta":{"saved_in_kubio":false,"ngg_post_thumbnail":0,"footnotes":""},"categories":[55],"tags":[35,34,33],"class_list":["post-42","post","type-post","status-publish","format-standard","has-post-thumbnail","hentry","category-les-rassemblements-mensuels","tag-centre-ville","tag-dimanche","tag-mois"],"_links":{"self":[{"href":"https:\/\/www.sea-web.fr\/demo\/wp-json\/wp\/v2\/posts\/42","targetHints":{"allow":["GET"]}}],"collection":[{"href":"https:\/\/www.sea-web.fr\/demo\/wp-json\/wp\/v2\/posts"}],"about":[{"href":"https:\/\/www.sea-web.fr\/demo\/wp-json\/wp\/v2\/types\/post"}],"author":[{"embeddable":true,"href":"https:\/\/www.sea-web.fr\/demo\/wp-json\/wp\/v2\/users\/4"}],"replies":[{"embeddable":true,"href":"https:\/\/www.sea-web.fr\/demo\/wp-json\/wp\/v2\/comments?post=42"}],"version-history":[{"count":8,"href":"https:\/\/www.sea-web.fr\/demo\/wp-json\/wp\/v2\/posts\/42\/revisions"}],"predecessor-version":[{"id":4913,"href":"https:\/\/www.sea-web.fr\/demo\/wp-json\/wp\/v2\/posts\/42\/revisions\/4913"}],"wp:featuredmedia":[{"embeddable":true,"href":"https:\/\/www.sea-web.fr\/demo\/wp-json\/wp\/v2\/media\/5255"}],"wp:attachment":[{"href":"https:\/\/www.sea-web.fr\/demo\/wp-json\/wp\/v2\/media?parent=42"}],"wp:term":[{"taxonomy":"category","embeddable":true,"href":"https:\/\/www.sea-web.fr\/demo\/wp-json\/wp\/v2\/categories?post=42"},{"taxonomy":"post_tag","embeddable":true,"href":"https:\/\/www.sea-web.fr\/demo\/wp-json\/wp\/v2\/tags?post=42"}],"curies":[{"name":"wp","href":"https:\/\/api.w.org\/{rel}","templated":true}]}}