{"id":432,"date":"2019-01-06T15:23:14","date_gmt":"2019-01-06T14:23:14","guid":{"rendered":"http:\/\/lesretrosduplateau.fr\/?p=432"},"modified":"2019-01-19T15:48:52","modified_gmt":"2019-01-19T14:48:52","slug":"le-06-janvier-2019","status":"publish","type":"post","link":"https:\/\/www.sea-web.fr\/demo\/le-06-janvier-2019\/","title":{"rendered":"Le  rassemblement du 06 janvier 2019"},"content":{"rendered":"<p>Le succ\u00e8s \u00e9tait au rendez vous pour ce premier rassemblement mensuel de l\u2019ann\u00e9e 2019 pour notre association avec pr\u00e9s de 110 V\u00e9hicules pr\u00e9sents sur la place du ch\u00e2teau au Neubourg.<br \/>\nAvec une matin\u00e9e particuli\u00e8rement cl\u00e9mente pour un mois de janvier nos adh\u00e9rents et nos visiteurs ont pu en plus du caf\u00e9 traditionnel d\u00e9guster une galette des rois avec un r\u00e9confortant verre de vin chaud.<br \/>\nLes secr\u00e9taires des r\u00e9tros \u00e9taient \u00e0 la disposition des adh\u00e9rents pour le renouvellement des cotisations 2019. (165 Adh\u00e9rents \u00e0 ce jour).<\/p>\n<p><img loading=\"lazy\" decoding=\"async\" class=\"alignnone size-medium wp-image-433\" src=\"http:\/\/lesretrosduplateau.fr\/wp-content\/uploads\/2019\/01\/IMG_9381-300x200.jpg\" alt=\"\" width=\"300\" height=\"200\" srcset=\"https:\/\/www.sea-web.fr\/demo\/wp-content\/uploads\/2019\/01\/IMG_9381-300x200.jpg 300w, https:\/\/www.sea-web.fr\/demo\/wp-content\/uploads\/2019\/01\/IMG_9381.jpg 640w\" sizes=\"(max-width: 300px) 100vw, 300px\" \/><\/p>\n<p><img loading=\"lazy\" decoding=\"async\" class=\"alignnone size-medium wp-image-434\" src=\"http:\/\/lesretrosduplateau.fr\/wp-content\/uploads\/2019\/01\/IMG_9383-300x200.jpg\" alt=\"\" width=\"300\" height=\"200\" srcset=\"https:\/\/www.sea-web.fr\/demo\/wp-content\/uploads\/2019\/01\/IMG_9383-300x200.jpg 300w, https:\/\/www.sea-web.fr\/demo\/wp-content\/uploads\/2019\/01\/IMG_9383.jpg 640w\" sizes=\"(max-width: 300px) 100vw, 300px\" \/><\/p>\n<p><img loading=\"lazy\" decoding=\"async\" class=\"alignnone size-medium wp-image-435\" src=\"http:\/\/lesretrosduplateau.fr\/wp-content\/uploads\/2019\/01\/IMG_9393-300x200.jpg\" alt=\"\" width=\"300\" height=\"200\" srcset=\"https:\/\/www.sea-web.fr\/demo\/wp-content\/uploads\/2019\/01\/IMG_9393-300x200.jpg 300w, https:\/\/www.sea-web.fr\/demo\/wp-content\/uploads\/2019\/01\/IMG_9393.jpg 640w\" sizes=\"(max-width: 300px) 100vw, 300px\" \/><\/p>\n<p><img loading=\"lazy\" decoding=\"async\" class=\"alignnone size-medium wp-image-436\" src=\"http:\/\/lesretrosduplateau.fr\/wp-content\/uploads\/2019\/01\/IMG_9407-300x200.jpg\" alt=\"\" width=\"300\" height=\"200\" srcset=\"https:\/\/www.sea-web.fr\/demo\/wp-content\/uploads\/2019\/01\/IMG_9407-300x200.jpg 300w, https:\/\/www.sea-web.fr\/demo\/wp-content\/uploads\/2019\/01\/IMG_9407.jpg 640w\" sizes=\"(max-width: 300px) 100vw, 300px\" \/><\/p>\n<p><img loading=\"lazy\" decoding=\"async\" class=\"alignnone size-medium wp-image-437\" src=\"http:\/\/lesretrosduplateau.fr\/wp-content\/uploads\/2019\/01\/IMG_9408-300x200.jpg\" alt=\"\" width=\"300\" height=\"200\" srcset=\"https:\/\/www.sea-web.fr\/demo\/wp-content\/uploads\/2019\/01\/IMG_9408-300x200.jpg 300w, https:\/\/www.sea-web.fr\/demo\/wp-content\/uploads\/2019\/01\/IMG_9408.jpg 640w\" sizes=\"(max-width: 300px) 100vw, 300px\" \/><\/p>\n","protected":false},"excerpt":{"rendered":"<p>Le succ\u00e8s \u00e9tait au rendez vous pour ce premier rassemblement mensuel de l\u2019ann\u00e9e 2019 pour notre association avec pr\u00e9s de 110 V\u00e9hicules pr\u00e9sents sur la place du ch\u00e2teau au Neubourg. Avec une matin\u00e9e particuli\u00e8rement cl\u00e9mente pour un mois de janvier nos adh\u00e9rents et nos visiteurs ont pu en plus du caf\u00e9 traditionnel d\u00e9guster une galette [&hellip;]<\/p>\n","protected":false},"author":4,"featured_media":5249,"comment_status":"closed","ping_status":"open","sticky":false,"template":"","format":"standard","meta":{"saved_in_kubio":false,"ngg_post_thumbnail":0,"footnotes":""},"categories":[55],"tags":[75,49],"class_list":["post-432","post","type-post","status-publish","format-standard","has-post-thumbnail","hentry","category-les-rassemblements-mensuels","tag-janvier","tag-rassemblement"],"_links":{"self":[{"href":"https:\/\/www.sea-web.fr\/demo\/wp-json\/wp\/v2\/posts\/432","targetHints":{"allow":["GET"]}}],"collection":[{"href":"https:\/\/www.sea-web.fr\/demo\/wp-json\/wp\/v2\/posts"}],"about":[{"href":"https:\/\/www.sea-web.fr\/demo\/wp-json\/wp\/v2\/types\/post"}],"author":[{"embeddable":true,"href":"https:\/\/www.sea-web.fr\/demo\/wp-json\/wp\/v2\/users\/4"}],"replies":[{"embeddable":true,"href":"https:\/\/www.sea-web.fr\/demo\/wp-json\/wp\/v2\/comments?post=432"}],"version-history":[{"count":5,"href":"https:\/\/www.sea-web.fr\/demo\/wp-json\/wp\/v2\/posts\/432\/revisions"}],"predecessor-version":[{"id":755,"href":"https:\/\/www.sea-web.fr\/demo\/wp-json\/wp\/v2\/posts\/432\/revisions\/755"}],"wp:featuredmedia":[{"embeddable":true,"href":"https:\/\/www.sea-web.fr\/demo\/wp-json\/wp\/v2\/media\/5249"}],"wp:attachment":[{"href":"https:\/\/www.sea-web.fr\/demo\/wp-json\/wp\/v2\/media?parent=432"}],"wp:term":[{"taxonomy":"category","embeddable":true,"href":"https:\/\/www.sea-web.fr\/demo\/wp-json\/wp\/v2\/categories?post=432"},{"taxonomy":"post_tag","embeddable":true,"href":"https:\/\/www.sea-web.fr\/demo\/wp-json\/wp\/v2\/tags?post=432"}],"curies":[{"name":"wp","href":"https:\/\/api.w.org\/{rel}","templated":true}]}}