{"id":742,"date":"2019-03-28T16:50:37","date_gmt":"2019-03-28T15:50:37","guid":{"rendered":"http:\/\/lesretrosduplateau.fr\/?p=742"},"modified":"2019-03-28T16:52:37","modified_gmt":"2019-03-28T15:52:37","slug":"le-rallye-de-printemps-2019","status":"publish","type":"post","link":"https:\/\/www.sea-web.fr\/demo\/le-rallye-de-printemps-2019\/","title":{"rendered":"Le rallye de printemps 2019"},"content":{"rendered":"<h2 style=\"text-align: center;\"><img loading=\"lazy\" decoding=\"async\" class=\"size-medium wp-image-1151 aligncenter\" src=\"http:\/\/lesretrosduplateau.fr\/wp-content\/uploads\/2019\/01\/affiche-rallye-de-printemps-300x300.jpg\" alt=\"\" width=\"300\" height=\"300\" srcset=\"https:\/\/www.sea-web.fr\/demo\/wp-content\/uploads\/2019\/01\/affiche-rallye-de-printemps-300x300.jpg 300w, https:\/\/www.sea-web.fr\/demo\/wp-content\/uploads\/2019\/01\/affiche-rallye-de-printemps-150x150.jpg 150w, https:\/\/www.sea-web.fr\/demo\/wp-content\/uploads\/2019\/01\/affiche-rallye-de-printemps-100x100.jpg 100w, https:\/\/www.sea-web.fr\/demo\/wp-content\/uploads\/2019\/01\/affiche-rallye-de-printemps.jpg 609w\" sizes=\"(max-width: 300px) 100vw, 300px\" \/><\/h2>\n<p style=\"text-align: center;\"><strong>Sortie de printemps des R\u00e9tros du Plateau<\/strong><\/p>\n<p style=\"text-align: center;\"><strong>Dimanche 28 avril 2019<\/strong><\/p>\n<p style=\"text-align: center;\"><strong>Une sortie de v\u00e9hicules anciens pour les membres de l\u2019association, sans chronom\u00e9trage,<\/strong><\/p>\n<p style=\"text-align: center;\"><strong>un parcours de d\u00e9couverte avec des \u00e9tapes historiques et patrimoniales de la r\u00e9gion.<\/strong><\/p>\n<p>Programme<\/p>\n<ul>\n<li>Rendez-vous \u00e0 8h Place du Ch\u00e2teau au Neubourg<\/li>\n<li>Remise des parcours et consignes<\/li>\n<li>D\u00e9part \u00e0 8h30<\/li>\n<li>Caf\u00e9-croissants en bord de Seine<\/li>\n<li>D\u00e9jeuner \u00e0 Jumi\u00e8ges<\/li>\n<li>14h d\u00e9part vers Caudebec en Caux<\/li>\n<li>18h pot d\u2019arriv\u00e9e au Neubourg puis repas pour ceux qui le souhaitent.<\/li>\n<\/ul>\n<p>Informations<\/p>\n<p>La participation pour la journ\u00e9e est de 30\u20ac par personne. Elle comprend le petit d\u00e9jeuner,<\/p>\n<p>le d\u00e9jeuner, les visites et le pot d\u2019arriv\u00e9e.<\/p>\n<p>La participation pour le repas du soir au Neubourg est de 15\u20ac par personne.<\/p>\n<p>Ces participations sont \u00e0 confirmer lors de l\u2019inscription. En cas d\u2019annulation (sauf en cas de force majeure) l\u2019association ne pourra effectuer aucun remboursement.<\/p>\n<p>T\u00e9l\u00e9charger le bulletin de participation:&nbsp;&nbsp;&nbsp;&nbsp;&nbsp;&nbsp;&nbsp;&nbsp; <a href=\"http:\/\/lesretrosduplateau.fr\/wp-content\/uploads\/2019\/03\/printemps-des-r\u00e9tros.pdf\">ICI<\/a><\/p>\n<p style=\"text-align: center;\">Renseignements et inscriptions<\/p>\n<p style=\"text-align: center;\">aupr\u00e8s de jean jacques LE NORMAND &amp; Michel CHENU<\/p>\n<p>&nbsp;<\/p>\n","protected":false},"excerpt":{"rendered":"<p>Sortie de printemps des R\u00e9tros du Plateau Dimanche 28 avril 2019 Une sortie de v\u00e9hicules anciens pour les membres de l\u2019association, sans chronom\u00e9trage, un parcours de d\u00e9couverte avec des \u00e9tapes historiques et patrimoniales de la r\u00e9gion. Programme Rendez-vous \u00e0 8h Place du Ch\u00e2teau au Neubourg Remise des parcours et consignes D\u00e9part \u00e0 8h30 Caf\u00e9-croissants en [&hellip;]<\/p>\n","protected":false},"author":4,"featured_media":5248,"comment_status":"closed","ping_status":"open","sticky":false,"template":"","format":"standard","meta":{"saved_in_kubio":false,"ngg_post_thumbnail":0,"footnotes":""},"categories":[54],"tags":[74,26,27],"class_list":["post-742","post","type-post","status-publish","format-standard","has-post-thumbnail","hentry","category-les-rallyes","tag-avril","tag-printemps","tag-rallye"],"_links":{"self":[{"href":"https:\/\/www.sea-web.fr\/demo\/wp-json\/wp\/v2\/posts\/742","targetHints":{"allow":["GET"]}}],"collection":[{"href":"https:\/\/www.sea-web.fr\/demo\/wp-json\/wp\/v2\/posts"}],"about":[{"href":"https:\/\/www.sea-web.fr\/demo\/wp-json\/wp\/v2\/types\/post"}],"author":[{"embeddable":true,"href":"https:\/\/www.sea-web.fr\/demo\/wp-json\/wp\/v2\/users\/4"}],"replies":[{"embeddable":true,"href":"https:\/\/www.sea-web.fr\/demo\/wp-json\/wp\/v2\/comments?post=742"}],"version-history":[{"count":7,"href":"https:\/\/www.sea-web.fr\/demo\/wp-json\/wp\/v2\/posts\/742\/revisions"}],"predecessor-version":[{"id":754,"href":"https:\/\/www.sea-web.fr\/demo\/wp-json\/wp\/v2\/posts\/742\/revisions\/754"}],"wp:featuredmedia":[{"embeddable":true,"href":"https:\/\/www.sea-web.fr\/demo\/wp-json\/wp\/v2\/media\/5248"}],"wp:attachment":[{"href":"https:\/\/www.sea-web.fr\/demo\/wp-json\/wp\/v2\/media?parent=742"}],"wp:term":[{"taxonomy":"category","embeddable":true,"href":"https:\/\/www.sea-web.fr\/demo\/wp-json\/wp\/v2\/categories?post=742"},{"taxonomy":"post_tag","embeddable":true,"href":"https:\/\/www.sea-web.fr\/demo\/wp-json\/wp\/v2\/tags?post=742"}],"curies":[{"name":"wp","href":"https:\/\/api.w.org\/{rel}","templated":true}]}}