{"id":874,"date":"2019-02-04T09:39:40","date_gmt":"2019-02-04T08:39:40","guid":{"rendered":"http:\/\/lesretrosduplateau.fr\/?p=874"},"modified":"2019-02-04T15:03:11","modified_gmt":"2019-02-04T14:03:11","slug":"la-simca-8-berline-1100-de-bruno-gicquel","status":"publish","type":"post","link":"https:\/\/www.sea-web.fr\/demo\/la-simca-8-berline-1100-de-bruno-gicquel\/","title":{"rendered":"Le V\u00e9hicule du Mois"},"content":{"rendered":"<p>&nbsp;<\/p>\n<p>A la une, pour ce mois de F\u00e9vrier, la<strong> Simca 8<\/strong> &nbsp;berline 1200 de Bruno GICQUEL.<\/p>\n<p>Le mod\u00e8le&nbsp; qu\u2019il nous pr\u00e9sente date&nbsp; de 1951 , dans son \u00e9tat d\u2019origine. Il en est propri\u00e9taire depuis environ 5 ans.<\/p>\n<p>Bruno est &nbsp;\u00e0 l\u2019origine, un passionn\u00e9 de Traction AV, mais pour une raison de budget, il s\u2019est dirig\u00e9 vers un mod\u00e8le plus accessible avec un entretien plus facile (les pi\u00e8ces de rechanges se retrouvent sur les Simca aronde).<\/p>\n<p>Bruno est un b\u00e9n\u00e9vole tr\u00e8s impliqu\u00e9 dans l\u2019association des r\u00e9tros du plateau. Il&nbsp; assure, avec d\u2019autres, la mise en place des v\u00e9hicules lors de nos rassemblements.<\/p>\nngg_shortcode_0_placeholder\n<p><strong>Simca 8 1200 Berline<\/strong><\/p>\n<p>Voiture de cat\u00e9gorie moyenne, elle fait une brillante carri\u00e8re au regard de la concurrence des <a href=\"https:\/\/fr.wikipedia.org\/wiki\/Peugeot_202\">Peugeot 202<\/a> et <a href=\"https:\/\/fr.wikipedia.org\/wiki\/Renault_Juvaquatre\">Renault Juvaquatre<\/a>. Ressemblant trait pour trait \u00e0 la <a href=\"https:\/\/fr.wikipedia.org\/wiki\/Fiat_1100\">Fiat 1100<\/a> 508C, elle dispose d&rsquo;une face avant avec une calandre ovo\u00efde et des phares ronds saillants bien en \u00e9vidence. La <a href=\"https:\/\/fr.wikipedia.org\/wiki\/Carrosserie\">carrosserie<\/a> est nettement plus a\u00e9rodynamique que l&rsquo;ancienne <a href=\"https:\/\/fr.wikipedia.org\/wiki\/Simca-Fiat_6_CV\">Simca-Fiat\/SAFAF 6 CV<\/a> qu&rsquo;elle remplace.<\/p>\n<p>Les porti\u00e8res de la berline s&rsquo;ouvrent en opposition, disposition appel\u00e9e \u00ab&nbsp;portes antagonistes&nbsp;\u00bb. Gr\u00e2ce \u00e0 ce mod\u00e8le, la marque Simca rena\u00eet, acquiert un d\u00e9but d&rsquo;ind\u00e9pendance et inaugure son nouveau logo \u00e0 l&rsquo;hirondelle.&nbsp;&nbsp;&nbsp;&nbsp;&nbsp;&nbsp;<\/p>\n<p>Le moteur est toujours le 4-cylindres Fiat 108C de 1&nbsp;221 cm<sup>3<\/sup> d\u00e9veloppant 41 ch \u00e0 4&nbsp;200&nbsp;tr\/min. La <a href=\"https:\/\/fr.wikipedia.org\/wiki\/Distribution_(moteur)\">distribution<\/a>, comme sur beaucoup de moteurs Fiat, est <a href=\"https:\/\/fr.wikipedia.org\/wiki\/Moteur_%C3%A0_soupapes_en_t%C3%AAte\">\u00e0 soupapes en t\u00eate<\/a>. Les <a href=\"https:\/\/fr.wikipedia.org\/wiki\/Suspension_de_v%C3%A9hicule\">suspensions<\/a> sont \u00e0 roues ind\u00e9pendantes \u00e0 l&rsquo;avant et essieu rigide \u00e0 l&rsquo;arri\u00e8re et les freins \u00e0 tambours sur les quatre roues avec circuit hydraulique. Dot\u00e9e d&rsquo;une bo\u00eete \u00e0 4&nbsp;rapports, elle atteint 110&nbsp;km\/h.&nbsp; &nbsp;Source&nbsp;: &nbsp; &nbsp; &nbsp; https:\/\/fr.wikipedia.org\/wiki\/Simca_8<\/p>\n","protected":false},"excerpt":{"rendered":"<p>&nbsp; A la une, pour ce mois de F\u00e9vrier, la Simca 8 &nbsp;berline 1200 de Bruno GICQUEL. Le mod\u00e8le&nbsp; qu\u2019il nous pr\u00e9sente date&nbsp; de 1951 , dans son \u00e9tat d\u2019origine. Il en est propri\u00e9taire depuis environ 5 ans. Bruno est &nbsp;\u00e0 l\u2019origine, un passionn\u00e9 de Traction AV, mais pour une raison de budget, il s\u2019est [&hellip;]<\/p>\n","protected":false},"author":4,"featured_media":0,"comment_status":"closed","ping_status":"open","sticky":false,"template":"","format":"standard","meta":{"saved_in_kubio":false,"ngg_post_thumbnail":0,"footnotes":""},"categories":[6],"tags":[81,80],"class_list":["post-874","post","type-post","status-publish","format-standard","hentry","category-levehicule","tag-berline","tag-simca"],"_links":{"self":[{"href":"https:\/\/www.sea-web.fr\/demo\/wp-json\/wp\/v2\/posts\/874","targetHints":{"allow":["GET"]}}],"collection":[{"href":"https:\/\/www.sea-web.fr\/demo\/wp-json\/wp\/v2\/posts"}],"about":[{"href":"https:\/\/www.sea-web.fr\/demo\/wp-json\/wp\/v2\/types\/post"}],"author":[{"embeddable":true,"href":"https:\/\/www.sea-web.fr\/demo\/wp-json\/wp\/v2\/users\/4"}],"replies":[{"embeddable":true,"href":"https:\/\/www.sea-web.fr\/demo\/wp-json\/wp\/v2\/comments?post=874"}],"version-history":[{"count":6,"href":"https:\/\/www.sea-web.fr\/demo\/wp-json\/wp\/v2\/posts\/874\/revisions"}],"predecessor-version":[{"id":1209,"href":"https:\/\/www.sea-web.fr\/demo\/wp-json\/wp\/v2\/posts\/874\/revisions\/1209"}],"wp:attachment":[{"href":"https:\/\/www.sea-web.fr\/demo\/wp-json\/wp\/v2\/media?parent=874"}],"wp:term":[{"taxonomy":"category","embeddable":true,"href":"https:\/\/www.sea-web.fr\/demo\/wp-json\/wp\/v2\/categories?post=874"},{"taxonomy":"post_tag","embeddable":true,"href":"https:\/\/www.sea-web.fr\/demo\/wp-json\/wp\/v2\/tags?post=874"}],"curies":[{"name":"wp","href":"https:\/\/api.w.org\/{rel}","templated":true}]}}