{"id":931,"date":"2019-02-05T06:24:59","date_gmt":"2019-02-05T05:24:59","guid":{"rendered":"http:\/\/lesretrosduplateau.fr\/?p=931"},"modified":"2019-03-04T08:46:35","modified_gmt":"2019-03-04T07:46:35","slug":"le-rassemblement-du-3-fevrier-2019","status":"publish","type":"post","link":"https:\/\/www.sea-web.fr\/demo\/le-rassemblement-du-3-fevrier-2019\/","title":{"rendered":"le rassemblement du 3 F\u00e9vrier 2019"},"content":{"rendered":"<p>Pour ce second rassemblement mensuel 2019, c\u2019est un soleil radieux qui attendait les 90 participants pr\u00e9sents sur la place du ch\u00e2teau en ce dimanche 3 F\u00e9vrier.<\/p>\n<p>Comme il est de tradition, un caf\u00e9 \u00e9tait propos\u00e9 avec en plus une d\u00e9gustation de cr\u00eapes au sucre et \u00e0 la confiture. Initiative qui fut tr\u00e8s appr\u00e9ci\u00e9e.<\/p>\n<p>Nouveaut\u00e9 pour cette \u00e9dition, l\u2019ouverture d\u2019un second parking face au restaurant le soleil d\u2019or, r\u00e9serv\u00e9 plus sp\u00e9cialement&nbsp; aux voitures de prestige.<\/p>\n<p>En fin de matin\u00e9e, Les r\u00e9tros du plateau et l\u2019association les trophystes libres, repr\u00e9sent\u00e9s par Nicolas LEBRUN et Simon WINTZER libres&nbsp; ont sign\u00e9 un contrat de partenariat. Ces derniers vont participer \u00e0 la 4L Trophy au d\u00e9part de Biarritz en direction de Marrakech dans un but humanitaire.<\/p>\n<p>Nous vous donnons rendez vous le 3 Mars prochain pour le prochain rassemblement.<\/p>\n<p>ngg_shortcode_0_placeholder<a href=\"https:\/\/www.facebook.com\/lesretrosduplateauofficiel\/posts\/2112796232092098\"><em><strong>Le grand Parking&nbsp;&nbsp;&nbsp; ( photos de Bruno GICQUEL)<\/strong><\/em><\/a><\/p>\n<p><a href=\"https:\/\/www.facebook.com\/lesretrosduplateauofficiel\/posts\/2112797228758665\"><em><strong>le petit Parking<\/strong><\/em><\/a><\/p>\nngg_shortcode_1_placeholder\n","protected":false},"excerpt":{"rendered":"<p>Pour ce second rassemblement mensuel 2019, c\u2019est un soleil radieux qui attendait les 90 participants pr\u00e9sents sur la place du ch\u00e2teau en ce dimanche 3 F\u00e9vrier. Comme il est de tradition, un caf\u00e9 \u00e9tait propos\u00e9 avec en plus une d\u00e9gustation de cr\u00eapes au sucre et \u00e0 la confiture. Initiative qui fut tr\u00e8s appr\u00e9ci\u00e9e. Nouveaut\u00e9 pour [&hellip;]<\/p>\n","protected":false},"author":4,"featured_media":0,"comment_status":"closed","ping_status":"open","sticky":false,"template":"","format":"standard","meta":{"saved_in_kubio":false,"ngg_post_thumbnail":0,"footnotes":""},"categories":[55],"tags":[82,84,83],"class_list":["post-931","post","type-post","status-publish","format-standard","hentry","category-les-rassemblements-mensuels","tag-3-fevrier","tag-4-l","tag-rassemblements"],"_links":{"self":[{"href":"https:\/\/www.sea-web.fr\/demo\/wp-json\/wp\/v2\/posts\/931","targetHints":{"allow":["GET"]}}],"collection":[{"href":"https:\/\/www.sea-web.fr\/demo\/wp-json\/wp\/v2\/posts"}],"about":[{"href":"https:\/\/www.sea-web.fr\/demo\/wp-json\/wp\/v2\/types\/post"}],"author":[{"embeddable":true,"href":"https:\/\/www.sea-web.fr\/demo\/wp-json\/wp\/v2\/users\/4"}],"replies":[{"embeddable":true,"href":"https:\/\/www.sea-web.fr\/demo\/wp-json\/wp\/v2\/comments?post=931"}],"version-history":[{"count":5,"href":"https:\/\/www.sea-web.fr\/demo\/wp-json\/wp\/v2\/posts\/931\/revisions"}],"predecessor-version":[{"id":1148,"href":"https:\/\/www.sea-web.fr\/demo\/wp-json\/wp\/v2\/posts\/931\/revisions\/1148"}],"wp:attachment":[{"href":"https:\/\/www.sea-web.fr\/demo\/wp-json\/wp\/v2\/media?parent=931"}],"wp:term":[{"taxonomy":"category","embeddable":true,"href":"https:\/\/www.sea-web.fr\/demo\/wp-json\/wp\/v2\/categories?post=931"},{"taxonomy":"post_tag","embeddable":true,"href":"https:\/\/www.sea-web.fr\/demo\/wp-json\/wp\/v2\/tags?post=931"}],"curies":[{"name":"wp","href":"https:\/\/api.w.org\/{rel}","templated":true}]}}